{"id":2279,"date":"2024-03-19T11:28:27","date_gmt":"2024-03-19T09:28:27","guid":{"rendered":"https:\/\/www.sumud.fi\/75-suomalaista-kulttuurialan-vaikuttajaa-vaatii-videoteoksella-suomen-tukea-etela-afrikan-kansainvalisen-tuomioistuimen-kanteelle-jossa-israelia-syytetaan-kansanmurhasta-gazassa\/"},"modified":"2024-09-06T11:31:22","modified_gmt":"2024-09-06T08:31:22","slug":"75-suomalaista-kulttuurialan-vaikuttajaa-vaatii-videoteoksella-suomen-tukea-etela-afrikan-kansainvalisen-tuomioistuimen-kanteelle-jossa-israelia-syytetaan-kansanmurhasta-gazassa","status":"publish","type":"post","link":"https:\/\/shop.sumud.fi\/fi\/75-suomalaista-kulttuurialan-vaikuttajaa-vaatii-videoteoksella-suomen-tukea-etela-afrikan-kansainvalisen-tuomioistuimen-kanteelle-jossa-israelia-syytetaan-kansanmurhasta-gazassa\/","title":{"rendered":"75 suomalaista kulttuurialan vaikuttajaa vaatii videoteoksella Suomen tukea Etel\u00e4-Afrikan kansainv\u00e4lisen tuomioistuimen kanteelle, jossa Israelia syytet\u00e4\u00e4n kansanmurhasta Gazassa"},"content":{"rendered":"\n<p><\/p>\n\n<p><br\/><strong>Ryhm\u00e4 suomalaisia n\u00e4yttelij\u00f6it\u00e4, muusikoita, elokuvantekij\u00f6it\u00e4 ja muita kulttuurialan vaikuttajia lukee videolla suomennettuja otteita Etel\u00e4-Afrikan kansainv\u00e4liseen oikeuteen toimittamasta kanteesta, jossa Israelia syytet\u00e4\u00e4n kansanmurhan toteuttamisesta Gazassa. Videon tarkoituksena on lis\u00e4t\u00e4 tietoa Yhdistyneiden kansakuntien (YK) alaisessa kansainv\u00e4lisess\u00e4 tuomioistuimessa (ICJ) k\u00e4sitelt\u00e4v\u00e4st\u00e4 kansanmurhakanteesta sek\u00e4 vedota Suomen hallitukseen kanteen tukemiseksi. Video on   <\/strong><a href=\"https:\/\/www.youtube.com\/watch?v=tty_-Dps2Qg&amp;t=2955s\" target=\"_blank\" rel=\"noopener\"><strong>julkaistu<\/strong><\/a><strong> YouTubessa Sumud &#8211; Suomen Palestiina-verkosto ry:n kanavalla.<\/strong> <\/p>\n\n<p><\/p>\n\n<p>Videolla esiintyv\u00e4t muun muassa n\u00e4yttelij\u00e4t <strong>Jani Toivola<\/strong>, <strong>Martti Suosalo, Hannu-Pekka Bj\u00f6rkman, Vesa Vierikko<\/strong> ja <strong>Anna Airola<\/strong>, n\u00e4yttelij\u00e4 ja artisti <strong>Chike Ohanwe<\/strong>, muusikko <strong>Pauli<\/strong> <strong>Hanhiniemi<\/strong>, elokuvantekij\u00e4t <strong>Ima Iduozee, Shareef Abu Askar, Selma Vierinen<\/strong> ja <strong>Jenni Toivoniemi<\/strong> sek\u00e4 vapaa kirjoittaja <strong>Koko Hubara<\/strong>. Etel\u00e4-Afrikan kansanmurhakanteen tukemisen lis\u00e4ksi videon julkaisulla vaaditaan palestiinalaisten kansanmurhan loppua sek\u00e4 palestiinalaisten ihmisoikeuksien toteutumista.  <\/p>\n\n<p>Videolla esiintyv\u00e4 n\u00e4yttelij\u00e4 <strong>Elina Knihtil\u00e4<\/strong> kertoo: \u201c1 % gazalaisista lapsista on tapettu muutamassa kuukaudessa ja kasvava m\u00e4\u00e4r\u00e4 ihmisi\u00e4 ajattelee, ett\u00e4 Gazassa on menossa kansanmurha. Etel\u00e4-Afrikan kanteen materiaali on todella j\u00e4rkytt\u00e4v\u00e4n perinpohjaista ja vakuuttavaa, ja on t\u00e4rke\u00e4\u00e4, ett\u00e4 se on saatavilla my\u00f6s suomeksi\u201d.<\/p>\n\n<p>Finnish-Palestinian artist and chairperson of Sumud, <strong>Noora Dadu<\/strong>, also appears as a reader in the video. She says: \u201cHearing the charges <wpcodeself wptype=\"\" wpml_attr_0=\"\" wpml_attr_1=\"\" wpml_attr_2=\"\" wpml_attr_3=\"\" wpml_attr_4=\"\" wpml_attr_5=\"\"> on January 11 was a touching moment for many Palestinians, myself included. Lawyers, in their magical wigs, said what Palestinians have been crying out for weeks, months, years and yet has fallen on deaf ears. My experience as a Finnish-Palestinian is that Palestinians are not believed. Maybe for the first time I felt like Palestinians were talked about in a prestigious context as people who should be protected by the law.\u201d    <\/wpcodeself><\/p>\n\n<p>\u201cSyytteet kannattaa kuunnella tarkkaan siksikin, ett\u00e4 Suomi saattaa paraikaa syyllisty\u00e4 avunantoon kansanmurhassa\u201d, Dadu jatkaa. \u201cSuomen valtiolla on mahdollisuus edist\u00e4\u00e4 rauhaa ja oikeuden toteutumista tukemalla ICJ:n kannetta. Samalla meille tarjoutuu mahdollisuus aloittaa irtautuminen osallisuudestamme meneill\u00e4\u00e4n oleviin rikoksiin.\u201d <\/p>\n\n<p>Videon ovat tuottaneet Vapaa Palestiina -yhteis\u00f6n <em>Apartheid historiaan <\/em>-ty\u00f6ryhm\u00e4 sek\u00e4 Sumud &#8211; Suomen Palestiina-verkosto ry. <em>Vapaa Palestiina<\/em> -yhteis\u00f6 on noin 600 vapaaehtoisen matalan kynnyksen toimintaan keskittyv\u00e4 kollektiivi ja @apartheidhistoriaan on yhteis\u00f6st\u00e4 ponnistanut Instagram-tili ja YouTube -kanava, joka tuottaa suomenkielist\u00e4 tietoa palestiinalaisalueiden miehityksest\u00e4, Israelin apartheidista ja kansanmurhasta. <\/p>\n\n<p>Etel\u00e4-Afrikka haastoi Israelin valtion kansainv\u00e4liseen tuomioistuimeen joulukuun 2023 lopussa syytt\u00e4en Israelin Gazaan kohdistamaa hy\u00f6kk\u00e4yst\u00e4 kansanmurhaksi. 26.tammikuuta ICJ asetti Israelille v\u00e4liaikaisia m\u00e4\u00e4r\u00e4yksi\u00e4 koskien kansanmurhakannetta. Osana v\u00e4liaikaisia m\u00e4\u00e4r\u00e4yksi\u00e4 tuomioistuin muun muassa vaatii Israelia est\u00e4m\u00e4\u00e4n toimet, jotka voidaan tulkita kansanmurhaksi sek\u00e4 varmistamaan, ett\u00e4 Israel ei tuhoa todisteita, joita voitaisiin my\u00f6hemmin k\u00e4ytt\u00e4\u00e4 kansanmurhan tutkinnassa. Lis\u00e4ksi ICJ m\u00e4\u00e4r\u00e4si Israelin varmistamaan humanitaarisen avun perillep\u00e4\u00e4syn Gazaan. ICJ:n v\u00e4liaikaistoimenpiteet ovat laillisesti velvoittavia.     <\/p>\n\n<p>V\u00e4liaikaisten toimenpiteiden asettaminen on v\u00e4lip\u00e4\u00e4t\u00f6s kansanmurhaa koskevan kanteen k\u00e4sittelyss\u00e4. Lopullisen tuomion antaminen voi kest\u00e4\u00e4 jopa vuosia.  <\/p>\n\n<p>Ulkoministeri <strong>Elina Valtonen<\/strong> (kok) totesi aikaisemmin, ett\u00e4 Suomi arvioi suhtautumistaan Etel\u00e4-Afrikan kanteeseen kev\u00e4\u00e4n aikana. Suomi voisi tukea Etel\u00e4-Afrikan kannetta j\u00e4tt\u00e4m\u00e4ll\u00e4 tuomiostuimelle niin sanotun v\u00e4liintulojulistuksen.  <\/p>\n\n<p><strong>Lis\u00e4tietoja ja haastattelupyynn\u00f6t<\/strong><\/p>\n\n<p>Lili De Paola<\/p>\n\n<p>Koordinaattori<\/p>\n\n<p>Sumud &#8211; Suomen Palestiina-verkosto<\/p>\n\n<p>coordinator@sumud.fi<\/p>\n\n<figure class=\"wp-block-embed is-type-video is-provider-youtube wp-block-embed-youtube wp-embed-aspect-16-9 wp-has-aspect-ratio\" style=\"margin-top:0;margin-bottom:0\"><div class=\"wp-block-embed__wrapper\"> \n<span class=\"responsive-embed widescreen\"><iframe loading=\"lazy\" title=\"Kulttuurivaikuttajat lukevat Etel\u00e4-Afrikan pys\u00e4ytt\u00e4v\u00e4n ICJ-kanteen p\u00e4\u00e4kohdat suomeksi\" width=\"720\" height=\"405\" src=\"https:\/\/www.youtube.com\/embed\/tty_-Dps2Qg?start=3385&#038;feature=oembed\" frameborder=\"0\" allow=\"accelerometer; autoplay; clipboard-write; encrypted-media; gyroscope; picture-in-picture; web-share\" referrerpolicy=\"strict-origin-when-cross-origin\" allowfullscreen><\/iframe><\/span>\n <\/div><\/figure>\n","protected":false},"excerpt":{"rendered":"<p>Ryhm\u00e4 suomalaisia n\u00e4yttelij\u00f6it\u00e4, muusikoita, elokuvantekij\u00f6it\u00e4 ja muita kulttuurialan vaikuttajia lukee videolla suomennettuja otteita Etel\u00e4-Afrikan kansainv\u00e4liseen oikeuteen toimittamasta kanteesta, jossa Israelia syytet\u00e4\u00e4n kansanmurhan toteuttamisesta Gazassa. Videon tarkoituksena on lis\u00e4t\u00e4 tietoa Yhdistyneiden kansakuntien (YK) alaisessa kansainv\u00e4lisess\u00e4 tuomioistuimessa (ICJ) k\u00e4sitelt\u00e4v\u00e4st\u00e4 kansanmurhakanteesta sek\u00e4 vedota Suomen hallitukseen kanteen tukemiseksi. Video on julkaistu YouTubessa Sumud &#8211; Suomen Palestiina-verkosto ry:n kanavalla. Videolla&#8230;<\/p>\n","protected":false},"author":14,"featured_media":74,"comment_status":"open","ping_status":"open","sticky":false,"template":"","format":"standard","meta":{"_kad_blocks_custom_css":"","_kad_blocks_head_custom_js":"","_kad_blocks_body_custom_js":"","_kad_blocks_footer_custom_js":"","_kad_post_transparent":"","_kad_post_title":"","_kad_post_layout":"","_kad_post_sidebar_id":"","_kad_post_content_style":"","_kad_post_vertical_padding":"","_kad_post_feature":"","_kad_post_feature_position":"","_kad_post_header":false,"_kad_post_footer":false,"_kad_post_classname":"","footnotes":""},"categories":[51],"tags":[],"class_list":["post-2279","post","type-post","status-publish","format-standard","has-post-thumbnail","hentry","category-lehdistotiedote"],"taxonomy_info":{"category":[{"value":51,"label":"Lehdist\u00f6tiedote"}]},"featured_image_src_large":["https:\/\/shop.sumud.fi\/wp-content\/uploads\/2024\/03\/hero-image-1.jpg",720,602,false],"author_info":{"display_name":"Milja Aho","author_link":"https:\/\/shop.sumud.fi\/fi\/author\/milja_shop\/"},"comment_info":0,"category_info":[{"term_id":51,"name":"Lehdist\u00f6tiedote","slug":"lehdistotiedote","term_group":0,"term_taxonomy_id":51,"taxonomy":"category","description":"Lehdist\u00f6tiedote","parent":0,"count":3,"filter":"raw","cat_ID":51,"category_count":3,"category_description":"Lehdist\u00f6tiedote","cat_name":"Lehdist\u00f6tiedote","category_nicename":"lehdistotiedote","category_parent":0}],"tag_info":false,"_links":{"self":[{"href":"https:\/\/shop.sumud.fi\/fi\/wp-json\/wp\/v2\/posts\/2279","targetHints":{"allow":["GET"]}}],"collection":[{"href":"https:\/\/shop.sumud.fi\/fi\/wp-json\/wp\/v2\/posts"}],"about":[{"href":"https:\/\/shop.sumud.fi\/fi\/wp-json\/wp\/v2\/types\/post"}],"author":[{"embeddable":true,"href":"https:\/\/shop.sumud.fi\/fi\/wp-json\/wp\/v2\/users\/14"}],"replies":[{"embeddable":true,"href":"https:\/\/shop.sumud.fi\/fi\/wp-json\/wp\/v2\/comments?post=2279"}],"version-history":[{"count":3,"href":"https:\/\/shop.sumud.fi\/fi\/wp-json\/wp\/v2\/posts\/2279\/revisions"}],"predecessor-version":[{"id":2330,"href":"https:\/\/shop.sumud.fi\/fi\/wp-json\/wp\/v2\/posts\/2279\/revisions\/2330"}],"wp:featuredmedia":[{"embeddable":true,"href":"https:\/\/shop.sumud.fi\/fi\/wp-json\/wp\/v2\/media\/74"}],"wp:attachment":[{"href":"https:\/\/shop.sumud.fi\/fi\/wp-json\/wp\/v2\/media?parent=2279"}],"wp:term":[{"taxonomy":"category","embeddable":true,"href":"https:\/\/shop.sumud.fi\/fi\/wp-json\/wp\/v2\/categories?post=2279"},{"taxonomy":"post_tag","embeddable":true,"href":"https:\/\/shop.sumud.fi\/fi\/wp-json\/wp\/v2\/tags?post=2279"}],"curies":[{"name":"wp","href":"https:\/\/api.w.org\/{rel}","templated":true}]}}